{"id":9138,"global_id":"festivalpoesiabsas.com.ar\/festivales-anteriores?id=9138","global_id_lineage":["festivalpoesiabsas.com.ar\/festivales-anteriores?id=9138"],"author":"249","status":"publish","date":"2021-11-01 19:54:43","date_utc":"2021-11-01 22:54:43","modified":"2021-11-16 19:08:25","modified_utc":"2021-11-16 22:08:25","url":"https:\/\/festivalpoesiabsas.com.ar\/festivales-anteriores\/?tribe_events=espana-voces-entrelazadas-presencial","rest_url":"https:\/\/festivalpoesiabsas.com.ar\/festivales-anteriores\/index.php?rest_route=\/tribe\/events\/v1\/events\/9138","title":"Espa\u00f1a: Voces entrelazadas","description":"<div class=\"wpb-content-wrapper\"><p>[vc_row][vc_column][vc_column_text]<img loading=\"lazy\" decoding=\"async\" class=\"alignnone size-full wp-image-9279\" src=\"https:\/\/festivalpoesiabsas.com.ar\/festivales-anteriores\/wp-content\/uploads\/2021\/11\/espana.jpg\" alt=\"\" width=\"1000\" height=\"493\" srcset=\"https:\/\/festivalpoesiabsas.com.ar\/festivales-anteriores\/wp-content\/uploads\/2021\/11\/espana.jpg 1000w, https:\/\/festivalpoesiabsas.com.ar\/festivales-anteriores\/wp-content\/uploads\/2021\/11\/espana-300x148.jpg 300w, https:\/\/festivalpoesiabsas.com.ar\/festivales-anteriores\/wp-content\/uploads\/2021\/11\/espana-768x379.jpg 768w\" sizes=\"(max-width: 1000px) 100vw, 1000px\" \/>[\/vc_column_text][vc_empty_space][\/vc_column][\/vc_row][vc_row][vc_column width=&#8221;2\/3&#8243;][vc_column_text]<\/p>\n<p class=\"p2\"><span class=\"s1\"><b>Participan: <\/b><\/span><\/p>\n<p class=\"p3\"><span class=\"s1\"><a href=\"https:\/\/festivalpoesiabsas.com.ar\/festivales-anteriores\/?team=veronica-aranda\">Ver\u00f3nica Aranda<\/a>, <a href=\"https:\/\/festivalpoesiabsas.com.ar\/festivales-anteriores\/?team=angela-alvarez-saez\">\u00c1ngela \u00c1lvarez S\u00e1ez<\/a>, <a href=\"https:\/\/festivalpoesiabsas.com.ar\/festivales-anteriores\/?team=ruth-llana\">Ruth Llana<\/a> y <a href=\"https:\/\/festivalpoesiabsas.com.ar\/festivales-anteriores\/?team=miriam-reyes\">Miriam Reyes <\/a><\/span><\/p>\n<p class=\"p3\"><span class=\"s1\"><b>Presenta: <\/b>Graciela Ar\u00e1oz<\/span><\/p>\n<p>[\/vc_column_text][\/vc_column][vc_column width=&#8221;1\/3&#8243; css=&#8221;.vc_custom_1637100355260{background-color: #f2f2f2 !important;}&#8221;][vc_icon icon_fontawesome=&#8221;fas fa-rss&#8221; color=&#8221;juicy_pink&#8221; size=&#8221;lg&#8221;]<h1 class=\"sc_title sc_title_regular margin_top_null margin_bottom_tiny\"><strong><span style=\"font-size: 18pt;\">Seguilo online<\/span><\/strong><\/h1><a href=\"https:\/\/www.youtube.com\/watch?v=DUXYsHHw27k\" target=\"blank\" class=\"sc_button sc_button_square sc_button_style_filled sc_button_size_medium\" style=\"color:#ffffff;\">Ingresar<\/a>[vc_empty_space][\/vc_column][\/vc_row]<\/p>\n<\/div>","excerpt":"","slug":"espana-voces-entrelazadas-presencial","image":{"url":"https:\/\/festivalpoesiabsas.com.ar\/festivales-anteriores\/wp-content\/uploads\/2021\/11\/espana.jpg","id":9279,"extension":"jpg","width":1000,"height":493,"sizes":{"medium":{"width":300,"height":148,"mime-type":"image\/jpeg","url":"https:\/\/festivalpoesiabsas.com.ar\/festivales-anteriores\/wp-content\/uploads\/2021\/11\/espana-300x148.jpg"},"thumbnail":{"width":150,"height":150,"mime-type":"image\/jpeg","url":"https:\/\/festivalpoesiabsas.com.ar\/festivales-anteriores\/wp-content\/uploads\/2021\/11\/espana-150x150.jpg"},"medium_large":{"width":768,"height":379,"mime-type":"image\/jpeg","url":"https:\/\/festivalpoesiabsas.com.ar\/festivales-anteriores\/wp-content\/uploads\/2021\/11\/espana-768x379.jpg"}}},"all_day":false,"start_date":"2021-11-19 18:00:00","start_date_details":{"year":"2021","month":"11","day":"19","hour":"18","minutes":"00","seconds":"00"},"end_date":"2021-11-19 18:00:00","end_date_details":{"year":"2021","month":"11","day":"19","hour":"18","minutes":"00","seconds":"00"},"utc_start_date":"2021-11-19 21:00:00","utc_start_date_details":{"year":"2021","month":"11","day":"19","hour":"21","minutes":"00","seconds":"00"},"utc_end_date":"2021-11-19 21:00:00","utc_end_date_details":{"year":"2021","month":"11","day":"19","hour":"21","minutes":"00","seconds":"00"},"timezone":"America\/Argentina\/Buenos_Aires","timezone_abbr":"CMT","cost":"","cost_details":{"currency_symbol":"","currency_code":"","currency_position":"prefix","values":[]},"website":"","show_map":false,"show_map_link":false,"hide_from_listings":false,"sticky":false,"featured":false,"categories":[{"name":"Eventos 2021","slug":"eventos-2021","term_group":0,"term_taxonomy_id":99,"taxonomy":"tribe_events_cat","description":"","parent":0,"count":19,"filter":"raw","id":99,"urls":{"self":"https:\/\/festivalpoesiabsas.com.ar\/festivales-anteriores\/index.php?rest_route=\/tribe\/events\/v1\/categories\/99","collection":"https:\/\/festivalpoesiabsas.com.ar\/festivales-anteriores\/index.php?rest_route=\/tribe\/events\/v1\/categories"}},{"name":"Festival 2021","slug":"festival-2021","term_group":0,"term_taxonomy_id":101,"taxonomy":"tribe_events_cat","description":"","parent":99,"count":17,"filter":"raw","id":101,"urls":{"self":"https:\/\/festivalpoesiabsas.com.ar\/festivales-anteriores\/index.php?rest_route=\/tribe\/events\/v1\/categories\/101","collection":"https:\/\/festivalpoesiabsas.com.ar\/festivales-anteriores\/index.php?rest_route=\/tribe\/events\/v1\/categories","up":"https:\/\/festivalpoesiabsas.com.ar\/festivales-anteriores\/index.php?rest_route=\/tribe\/events\/v1\/categories\/99"}}],"tags":[],"venue":{"id":5344,"author":"1","status":"publish","date":"2017-05-22 15:45:45","date_utc":"2017-05-22 18:45:45","modified":"2021-11-01 11:41:01","modified_utc":"2021-11-01 14:41:01","url":"https:\/\/festivalpoesiabsas.com.ar\/festivales-anteriores\/?tribe_venue=sociedad-de-escritoras-y-escritores-de-la-argentina-sea","venue":"Sociedad de Escritoras y Escritores de la Argentina (SEA)","slug":"sociedad-de-escritoras-y-escritores-de-la-argentina-sea","address":"Bartolom\u00e9 Mitre 2815 piso 2 of. 227 a 230","city":"CABA","country":"Argentina","province":"Buenos Aires","zip":"B1856ICM","phone":"+54 11 48734089","website":"www.lasea.org.ar","stateprovince":"Buenos Aires","json_ld":{"@type":"Place","name":"Sociedad de Escritoras y Escritores de la Argentina (SEA)","description":"","url":"","address":{"@type":"PostalAddress","streetAddress":"Bartolom\u00e9 Mitre 2815 piso 2 of. 227 a 230","addressLocality":"CABA","addressRegion":"Buenos Aires","postalCode":"B1856ICM","addressCountry":"Argentina"},"telephone":"+54 11 48734089","sameAs":"www.lasea.org.ar"},"show_map":false,"show_map_link":false,"global_id":"festivalpoesiabsas.com.ar\/festivales-anteriores?id=5344","global_id_lineage":["festivalpoesiabsas.com.ar\/festivales-anteriores?id=5344"]},"organizer":[],"json_ld":{"@context":"http:\/\/schema.org","@type":"Event","name":"Espa\u00f1a: Voces entrelazadas","description":"&lt;p&gt;Participan: Ver\u00f3nica Aranda, \u00c1ngela \u00c1lvarez S\u00e1ez, Ruth Llana y Miriam Reyes Presenta: Graciela Ar\u00e1oz Seguilo onlineIngresar&lt;\/p&gt;\\n","image":"https:\/\/festivalpoesiabsas.com.ar\/festivales-anteriores\/wp-content\/uploads\/2021\/11\/espana.jpg","url":"https:\/\/festivalpoesiabsas.com.ar\/festivales-anteriores\/?tribe_events=espana-voces-entrelazadas-presencial","eventAttendanceMode":"https:\/\/schema.org\/OfflineEventAttendanceMode","eventStatus":"https:\/\/schema.org\/EventScheduled","startDate":"2021-11-19T18:00:00-03:00","endDate":"2021-11-19T18:00:00-03:00","location":{"@type":"Place","name":"Sociedad de Escritoras y Escritores de la Argentina (SEA)","description":"","url":"","address":{"@type":"PostalAddress","streetAddress":"Bartolom\u00e9 Mitre 2815 piso 2 of. 227 a 230","addressLocality":"CABA","addressRegion":"Buenos Aires","postalCode":"B1856ICM","addressCountry":"Argentina"},"telephone":"+54 11 48734089","sameAs":"www.lasea.org.ar"},"performer":"Organization"}}