{"id":2301,"date":"2022-09-27T11:35:24","date_gmt":"2022-09-27T14:35:24","guid":{"rendered":"http:\/\/festivalpoesiabsas.com.ar\/?p=2301"},"modified":"2022-09-27T11:35:27","modified_gmt":"2022-09-27T14:35:27","slug":"en-montevideo","status":"publish","type":"post","link":"https:\/\/festivalpoesiabsas.com.ar\/en\/en-montevideo\/","title":{"rendered":"en Montevideo"},"content":{"rendered":"<p>nosotros tenemos un r\u00edo del que decimos<br>es un mar<br>es bueno saber que <em>tenemos<\/em> el mar<br>porque el mar es una sensaci\u00f3n<br>y aquello que sucede frente al mar<br>obtiene de \u00e9l su transparencia<br>porque el mar es el mejor testigo<br>testigo del tiempo<br>de nuestro tiempo<br>porque el mar es como una madre<br>que no nos espera pero nos recibe<br>una madre en la que podemos entrar<br>una y otra vez<br>aunque no podamos<br>permanecer en ella<\/p>\n\n\n\n<p>porque el mar es un lugar ambiguo<\/p>\n\n\n\n<p>tan ambiguo<br>como una madre<\/p>\n\n\n\n<div style=\"height:30px\" aria-hidden=\"true\" class=\"wp-block-spacer\"><\/div>\n\n\n\n<p><strong>Del libro<em> El conocimiento y la ignorancia<\/em>. Edit. La Coqueta, Montevideo, 2018.<\/strong><\/p>","protected":false},"excerpt":{"rendered":"<p>nosotros tenemos un r\u00edo del que decimoses un mares bueno saber que tenemos el marporque el mar es una sensaci\u00f3ny aquello que sucede frente al marobtiene de \u00e9l su transparenciaporque el mar es el mejor testigotestigo del tiempode nuestro tiempoporque el mar es como una madreque no nos espera pero ...<\/p>","protected":false},"author":1,"featured_media":1706,"comment_status":"closed","ping_status":"closed","sticky":false,"template":"","format":"standard","meta":{"footnotes":""},"categories":[87],"tags":[],"_links":{"self":[{"href":"https:\/\/festivalpoesiabsas.com.ar\/en\/wp-json\/wp\/v2\/posts\/2301"}],"collection":[{"href":"https:\/\/festivalpoesiabsas.com.ar\/en\/wp-json\/wp\/v2\/posts"}],"about":[{"href":"https:\/\/festivalpoesiabsas.com.ar\/en\/wp-json\/wp\/v2\/types\/post"}],"author":[{"embeddable":true,"href":"https:\/\/festivalpoesiabsas.com.ar\/en\/wp-json\/wp\/v2\/users\/1"}],"replies":[{"embeddable":true,"href":"https:\/\/festivalpoesiabsas.com.ar\/en\/wp-json\/wp\/v2\/comments?post=2301"}],"version-history":[{"count":1,"href":"https:\/\/festivalpoesiabsas.com.ar\/en\/wp-json\/wp\/v2\/posts\/2301\/revisions"}],"predecessor-version":[{"id":2302,"href":"https:\/\/festivalpoesiabsas.com.ar\/en\/wp-json\/wp\/v2\/posts\/2301\/revisions\/2302"}],"wp:featuredmedia":[{"embeddable":true,"href":"https:\/\/festivalpoesiabsas.com.ar\/en\/wp-json\/wp\/v2\/media\/1706"}],"wp:attachment":[{"href":"https:\/\/festivalpoesiabsas.com.ar\/en\/wp-json\/wp\/v2\/media?parent=2301"}],"wp:term":[{"taxonomy":"category","embeddable":true,"href":"https:\/\/festivalpoesiabsas.com.ar\/en\/wp-json\/wp\/v2\/categories?post=2301"},{"taxonomy":"post_tag","embeddable":true,"href":"https:\/\/festivalpoesiabsas.com.ar\/en\/wp-json\/wp\/v2\/tags?post=2301"}],"curies":[{"name":"wp","href":"https:\/\/api.w.org\/{rel}","templated":true}]}}