{"id":2109,"date":"2022-09-24T19:00:23","date_gmt":"2022-09-24T22:00:23","guid":{"rendered":"http:\/\/festivalpoesiabsas.com.ar\/?p=2109"},"modified":"2022-09-24T19:00:26","modified_gmt":"2022-09-24T22:00:26","slug":"poema-1","status":"publish","type":"post","link":"https:\/\/festivalpoesiabsas.com.ar\/en\/poema-1\/","title":{"rendered":"Poema 1"},"content":{"rendered":"<p>Soy la dulce letan\u00eda de los ni\u00f1os muertos en este hospital.<br>La silenciosa que seca sus l\u00e1grimas.<br>La que reza por cada neonato.<\/p>\n\n\n\n<p>Soy el asombro el miedo el ah\u00ednco<br>el paso firme por baldosas que se mueven.<br>(Mis labios pueden amar la espina<br>besar los bordes afilados de la rosa).<\/p>\n\n\n\n<p>Soy la madre asistida por la madre<br>y firmamos el armisticio con los bistur\u00edes.<br>(Mi cuerpo se bate contra la patolog\u00eda).<\/p>\n\n\n\n<p>Soy la escriba que registra el latido<br>de una vida encarnada en la magia.<br>(Las manos no se ahogan en un mar que anega<br>camillas y goteros).<\/p>\n\n\n\n<p>Soy recipiente de un l\u00edquido inflamable.<br>La tierra el surco el \u00e1rbol<br>la luz al\u00f3gena de este amanecer.<\/p>\n\n\n\n<p>(Hundo mis pies en lo real y te libero, hija m\u00eda,<br>de los falsos sabios).<\/p>\n\n\n\n<div style=\"height:30px\" aria-hidden=\"true\" class=\"wp-block-spacer\"><\/div>\n\n\n\n<p><strong>Del libro <em>La hija<\/em>. Edit. Abisinia, Buenos Aires, 2022.<\/strong><\/p>","protected":false},"excerpt":{"rendered":"<p>Soy la dulce letan\u00eda de los ni\u00f1os muertos en este hospital.La silenciosa que seca sus l\u00e1grimas.La que reza por cada neonato. Soy el asombro el miedo el ah\u00edncoel paso firme por baldosas que se mueven.(Mis labios pueden amar la espinabesar los bordes afilados de la rosa). Soy la madre asistida ...<\/p>","protected":false},"author":1,"featured_media":1704,"comment_status":"closed","ping_status":"closed","sticky":false,"template":"","format":"standard","meta":{"footnotes":""},"categories":[76],"tags":[],"_links":{"self":[{"href":"https:\/\/festivalpoesiabsas.com.ar\/en\/wp-json\/wp\/v2\/posts\/2109"}],"collection":[{"href":"https:\/\/festivalpoesiabsas.com.ar\/en\/wp-json\/wp\/v2\/posts"}],"about":[{"href":"https:\/\/festivalpoesiabsas.com.ar\/en\/wp-json\/wp\/v2\/types\/post"}],"author":[{"embeddable":true,"href":"https:\/\/festivalpoesiabsas.com.ar\/en\/wp-json\/wp\/v2\/users\/1"}],"replies":[{"embeddable":true,"href":"https:\/\/festivalpoesiabsas.com.ar\/en\/wp-json\/wp\/v2\/comments?post=2109"}],"version-history":[{"count":1,"href":"https:\/\/festivalpoesiabsas.com.ar\/en\/wp-json\/wp\/v2\/posts\/2109\/revisions"}],"predecessor-version":[{"id":2110,"href":"https:\/\/festivalpoesiabsas.com.ar\/en\/wp-json\/wp\/v2\/posts\/2109\/revisions\/2110"}],"wp:featuredmedia":[{"embeddable":true,"href":"https:\/\/festivalpoesiabsas.com.ar\/en\/wp-json\/wp\/v2\/media\/1704"}],"wp:attachment":[{"href":"https:\/\/festivalpoesiabsas.com.ar\/en\/wp-json\/wp\/v2\/media?parent=2109"}],"wp:term":[{"taxonomy":"category","embeddable":true,"href":"https:\/\/festivalpoesiabsas.com.ar\/en\/wp-json\/wp\/v2\/categories?post=2109"},{"taxonomy":"post_tag","embeddable":true,"href":"https:\/\/festivalpoesiabsas.com.ar\/en\/wp-json\/wp\/v2\/tags?post=2109"}],"curies":[{"name":"wp","href":"https:\/\/api.w.org\/{rel}","templated":true}]}}