{"id":1985,"date":"2022-09-23T16:08:11","date_gmt":"2022-09-23T19:08:11","guid":{"rendered":"http:\/\/festivalpoesiabsas.com.ar\/?p=1985"},"modified":"2022-09-23T16:08:15","modified_gmt":"2022-09-23T19:08:15","slug":"inviernos-finos-y-gelidos","status":"publish","type":"post","link":"https:\/\/festivalpoesiabsas.com.ar\/en\/inviernos-finos-y-gelidos\/","title":{"rendered":"Inviernos finos y g\u00e9lidos"},"content":{"rendered":"<p>como cristales<\/p>\n\n\n\n<p>el cuerpo recibe&nbsp;<\/p>\n\n\n\n<p>el calor&nbsp;<\/p>\n\n\n\n<p>de esa selva<\/p>\n\n\n\n<p>que a fogonazos&nbsp;<\/p>\n\n\n\n<p>nos crece dentro&nbsp;<\/p>\n\n\n\n<p>y ofrece lluvias, lianas&nbsp;<\/p>\n\n\n\n<p>y par\u00e1sitas<\/p>\n\n\n\n<p>tantas que hacen&nbsp;<\/p>\n\n\n\n<p>del jard\u00edn dormido<\/p>\n\n\n\n<p>rosaleda,<\/p>\n\n\n\n<p>prado, huerta,&nbsp;<\/p>\n\n\n\n<p>vega, ed\u00e9n<\/p>\n\n\n\n<p>o\u00ed<\/p>\n\n\n\n<p>debajo de la helada<\/p>\n\n\n\n<p>c\u00f3mo ma\u00falla, croa y ruje<\/p>\n\n\n\n<p>este vergel.<\/p>\n\n\n\n<p>\u2003<\/p>\n\n\n\n<p>Es la estaci\u00f3n milagrosa:<\/p>\n\n\n\n<p>las noches y los d\u00edas se salvan&nbsp;<\/p>\n\n\n\n<p>acariciando el hielo.<\/p>\n\n\n\n<div style=\"height:30px\" aria-hidden=\"true\" class=\"wp-block-spacer\"><\/div>\n\n\n\n<p>Estrujo ramas, alzo jarillas&nbsp;<\/p>\n\n\n\n<p>y alimento&nbsp;<\/p>\n\n\n\n<p>un fueguito miserable<\/p>\n\n\n\n<p>hasta sacarlo infierno.<\/p>\n\n\n\n<div style=\"height:30px\" aria-hidden=\"true\" class=\"wp-block-spacer\"><\/div>\n\n\n\n<p>Los tallos flacos&nbsp;<\/p>\n\n\n\n<p>reflejan juncales carnosos&nbsp;<\/p>\n\n\n\n<p>y bailan fren\u00e9ticos.&nbsp;&nbsp;<\/p>\n\n\n\n<div style=\"height:30px\" aria-hidden=\"true\" class=\"wp-block-spacer\"><\/div>\n\n\n\n<p>As\u00ed es el fuego<\/p>\n\n\n\n<p>parece&nbsp;<\/p>\n\n\n\n<p>que ocurre&nbsp;<\/p>\n\n\n\n<p>en el centro ardiente<\/p>\n\n\n\n<p>de la combusti\u00f3n luminosa<\/p>\n\n\n\n<p>pero es en los bordes<\/p>\n\n\n\n<p>all\u00ed devora<\/p>\n\n\n\n<p>crece<\/p>\n\n\n\n<p>y se alza.<\/p>\n\n\n\n<div style=\"height:30px\" aria-hidden=\"true\" class=\"wp-block-spacer\"><\/div>\n\n\n\n<p><strong>Del libro <\/strong><strong><em>As\u00ed es el fuego. <\/em><\/strong><strong>Edit. Club Hem, 2018.<\/strong><\/p>","protected":false},"excerpt":{"rendered":"<p>como cristales el cuerpo recibe&nbsp; el calor&nbsp; de esa selva que a fogonazos&nbsp; nos crece dentro&nbsp; y ofrece lluvias, lianas&nbsp; y par\u00e1sitas tantas que hacen&nbsp; del jard\u00edn dormido rosaleda, prado, huerta,&nbsp; vega, ed\u00e9n o\u00ed debajo de la helada c\u00f3mo ma\u00falla, croa y ruje este vergel. \u2003 Es la estaci\u00f3n milagrosa: ...<\/p>","protected":false},"author":1,"featured_media":1704,"comment_status":"closed","ping_status":"closed","sticky":false,"template":"","format":"standard","meta":{"footnotes":""},"categories":[68],"tags":[],"_links":{"self":[{"href":"https:\/\/festivalpoesiabsas.com.ar\/en\/wp-json\/wp\/v2\/posts\/1985"}],"collection":[{"href":"https:\/\/festivalpoesiabsas.com.ar\/en\/wp-json\/wp\/v2\/posts"}],"about":[{"href":"https:\/\/festivalpoesiabsas.com.ar\/en\/wp-json\/wp\/v2\/types\/post"}],"author":[{"embeddable":true,"href":"https:\/\/festivalpoesiabsas.com.ar\/en\/wp-json\/wp\/v2\/users\/1"}],"replies":[{"embeddable":true,"href":"https:\/\/festivalpoesiabsas.com.ar\/en\/wp-json\/wp\/v2\/comments?post=1985"}],"version-history":[{"count":1,"href":"https:\/\/festivalpoesiabsas.com.ar\/en\/wp-json\/wp\/v2\/posts\/1985\/revisions"}],"predecessor-version":[{"id":1986,"href":"https:\/\/festivalpoesiabsas.com.ar\/en\/wp-json\/wp\/v2\/posts\/1985\/revisions\/1986"}],"wp:featuredmedia":[{"embeddable":true,"href":"https:\/\/festivalpoesiabsas.com.ar\/en\/wp-json\/wp\/v2\/media\/1704"}],"wp:attachment":[{"href":"https:\/\/festivalpoesiabsas.com.ar\/en\/wp-json\/wp\/v2\/media?parent=1985"}],"wp:term":[{"taxonomy":"category","embeddable":true,"href":"https:\/\/festivalpoesiabsas.com.ar\/en\/wp-json\/wp\/v2\/categories?post=1985"},{"taxonomy":"post_tag","embeddable":true,"href":"https:\/\/festivalpoesiabsas.com.ar\/en\/wp-json\/wp\/v2\/tags?post=1985"}],"curies":[{"name":"wp","href":"https:\/\/api.w.org\/{rel}","templated":true}]}}