{"id":1796,"date":"2022-09-19T20:25:56","date_gmt":"2022-09-19T23:25:56","guid":{"rendered":"http:\/\/festivalpoesiabsas.com.ar\/?p=1796"},"modified":"2022-09-23T15:21:00","modified_gmt":"2022-09-23T18:21:00","slug":"6-2","status":"publish","type":"post","link":"https:\/\/festivalpoesiabsas.com.ar\/en\/6-2\/","title":{"rendered":"6"},"content":{"rendered":"<p><p style=\"text-align:justify\">Si la altura en que crece frondosa la tromba de piedra y cemento que pre\u00f1a al r\u00edo que envuelve la polimorfa alegor\u00eda de vida donde articulados cruzamos de par en par el hueco que deja abierto nuestro intento de formar una pira una pirca un grupo de objetos apilados en el mundo que nos haga volver que nos sirva de se\u00f1a en la polvareda que somos; el polvito que nos agrande el pedazo de cielo que nos toque el pedazo de cuerpo que cargamos el pedazo de piel que transa con lo externo el \u00f3rgano que llevamos cruzado en el pecho como una honda si atravesamos a nado ese r\u00edo y su herm\u00e9tico fabricar a cambio de guijarros semillas valores sellos o si uno vuelve presuroso bajo tierra en transportes p\u00fablicos demasiado cargados apretado contra la boca del otro&nbsp; con la palabra del otro adentro que se respira como un secreto<\/p><\/p>\n\n\n\n<p>si se cree digo<\/p>\n\n\n\n<p><p style=\"text-align:justify\">en la posibilidad de un fugaz reposo en esta sucia estructura que se derrumba precipicio que se escabulle o se aplana tridimensional o escarpado vertical o invisible dej\u00e1ndonos siempre al borde probando vinculaciones que de antemano sabemos fallidas.<\/p><\/p>\n\n\n\n<div style=\"height:30px\" aria-hidden=\"true\" class=\"wp-block-spacer\"><\/div>\n\n\n\n<p><strong>Del libro <em>Lo real. <\/em>Edit. Caleta Olivia, Buenos Aires, 2018.<\/strong><\/p>","protected":false},"excerpt":{"rendered":"<p>Si la altura en que crece frondosa la tromba de piedra y cemento que pre\u00f1a al r\u00edo que envuelve la polimorfa alegor\u00eda de vida donde articulados cruzamos de par en par el hueco que deja abierto nuestro intento de formar una pira una pirca un grupo de objetos apilados en ...<\/p>","protected":false},"author":1,"featured_media":1705,"comment_status":"closed","ping_status":"closed","sticky":false,"template":"","format":"standard","meta":{"footnotes":""},"categories":[47],"tags":[],"_links":{"self":[{"href":"https:\/\/festivalpoesiabsas.com.ar\/en\/wp-json\/wp\/v2\/posts\/1796"}],"collection":[{"href":"https:\/\/festivalpoesiabsas.com.ar\/en\/wp-json\/wp\/v2\/posts"}],"about":[{"href":"https:\/\/festivalpoesiabsas.com.ar\/en\/wp-json\/wp\/v2\/types\/post"}],"author":[{"embeddable":true,"href":"https:\/\/festivalpoesiabsas.com.ar\/en\/wp-json\/wp\/v2\/users\/1"}],"replies":[{"embeddable":true,"href":"https:\/\/festivalpoesiabsas.com.ar\/en\/wp-json\/wp\/v2\/comments?post=1796"}],"version-history":[{"count":2,"href":"https:\/\/festivalpoesiabsas.com.ar\/en\/wp-json\/wp\/v2\/posts\/1796\/revisions"}],"predecessor-version":[{"id":1957,"href":"https:\/\/festivalpoesiabsas.com.ar\/en\/wp-json\/wp\/v2\/posts\/1796\/revisions\/1957"}],"wp:featuredmedia":[{"embeddable":true,"href":"https:\/\/festivalpoesiabsas.com.ar\/en\/wp-json\/wp\/v2\/media\/1705"}],"wp:attachment":[{"href":"https:\/\/festivalpoesiabsas.com.ar\/en\/wp-json\/wp\/v2\/media?parent=1796"}],"wp:term":[{"taxonomy":"category","embeddable":true,"href":"https:\/\/festivalpoesiabsas.com.ar\/en\/wp-json\/wp\/v2\/categories?post=1796"},{"taxonomy":"post_tag","embeddable":true,"href":"https:\/\/festivalpoesiabsas.com.ar\/en\/wp-json\/wp\/v2\/tags?post=1796"}],"curies":[{"name":"wp","href":"https:\/\/api.w.org\/{rel}","templated":true}]}}